{"id":236,"date":"2020-03-21T13:27:32","date_gmt":"2020-03-21T19:27:32","guid":{"rendered":"http:\/\/www.leona-vicario.edu.mx\/blog\/?p=236"},"modified":"2021-06-25T05:54:40","modified_gmt":"2021-06-25T10:54:40","slug":"la-importancia-de-la-imagen-personal","status":"publish","type":"post","link":"https:\/\/www.leona-vicario.edu.mx\/blog\/la-importancia-de-la-imagen-personal\/","title":{"rendered":"La importancia de la Imagen Personal"},"content":{"rendered":"\n\n\n[et_pb_section admin_label=\u00bbsection\u00bb]\n\t\t\t[et_pb_row admin_label=\u00bbrow\u00bb]\n\t\t\t\t[et_pb_column type=\u00bb4_4&#8243;][et_pb_text admin_label=\u00bbText\u00bb]\u201cLa imagen personal empieza por uno mismo\u201d\r\n\r\nCuando nos referimos a la imagen personal, en ocasiones se centra demasiado la tem\u00e1tica en la belleza exterior o el verse bien. Hay que decir que esto es un error importante porque de lo que estamos hablando es de algo m\u00e1s all\u00e1 de la apariencia o la est\u00e9tica.\r\n\r\nSi s\u00f3lo nos enfocamos en lo exterior, lo que haremos ser\u00e1 presentar alguien que no es y que, en la mayor\u00eda de los casos, lo \u00fanico que estamos haciendo es aparentar algo a los dem\u00e1s y ante ello transmitiremos a nuestro p\u00fablico un mensaje err\u00f3neo de nuestra esencia.\r\n\r\nLo\u00a0 primero que tenemos que ver son los puntos de desventaja\u00a0 a nivel personal y profesional que es lo que nos agrada y en qu\u00e9 fallamos. Al mismo tiempo tambi\u00e9n valorar cu\u00e1les son nuestros puntos positivos y que es lo que nos encanta. \u00a1Ser honestos en primer punto es lo necesario, si no nos mentimos a uno mismo!\r\n\r\nRecordemos si no tenemos en mente un objetivo debes comenzar a buscar uno as\u00ed sea el m\u00e1s peque\u00f1o.\r\n\r\nLa imagen personal est\u00e1 basada en 3 principales \u00a0puntos;\r\n<ol>\r\n \t<li>Objetivo<\/li>\r\n \t<li>Personalidad<\/li>\r\n \t<li>Estilo de vida<\/li>\r\n<\/ol>\r\n&nbsp;\r\n\r\n&nbsp;\r\n\r\n<span style=\"color: #000080;\">Lic. Jared Misael Campuzano Carrasco<\/span>\r\n\r\n<span style=\"color: #000080;\">Maestro de la Instituci\u00f3n\u00a0<\/span>\r\n\r\n&nbsp;\r\n\r\n&nbsp;\r\n\r\n&nbsp;[\/et_pb_text][\/et_pb_column]\n\t\t\t[\/et_pb_row]\n\t\t[\/et_pb_section]\n\n\n","protected":false},"excerpt":{"rendered":"<p>\u201cLa imagen personal empieza por uno mismo\u201d Cuando nos referimos a la imagen personal, en ocasiones se centra demasiado la tem\u00e1tica en la belleza exterior o el verse bien. Hay que decir que esto es un error importante porque de lo que estamos hablando es de algo m\u00e1s all\u00e1 de la apariencia o la est\u00e9tica. [&hellip;]<\/p>\n","protected":false},"author":1,"featured_media":237,"comment_status":"open","ping_status":"closed","sticky":false,"template":"","format":"standard","meta":{"_et_pb_use_builder":"on","_et_pb_old_content":"\u201cLa imagen personal empieza por uno mismo\u201d\r\n\r\nCuando nos referimos a la imagen personal, en ocasiones se centra demasiado la tem\u00e1tica en la belleza exterior o el verse bien. Hay que decir que esto es un error importante porque de lo que estamos hablando es de algo m\u00e1s all\u00e1 de la apariencia o la est\u00e9tica.\r\n\r\nSi s\u00f3lo nos enfocamos en lo exterior, lo que haremos ser\u00e1 presentar alguien que no es y que, en la mayor\u00eda de los casos, lo \u00fanico que estamos haciendo es aparentar algo a los dem\u00e1s y ante ello transmitiremos a nuestro p\u00fablico un mensaje err\u00f3neo de nuestra esencia.\r\n\r\nLo\u00a0 primero que tenemos que ver son los puntos de desventaja\u00a0 a nivel personal y profesional que es lo que nos agrada y en qu\u00e9 fallamos. Al mismo tiempo tambi\u00e9n valorar cu\u00e1les son nuestros puntos positivos y que es lo que nos encanta. \u00a1Ser honestos en primer punto es lo necesario, si no nos mentimos a uno mismo!\r\n\r\nRecordemos si no tenemos en mente un objetivo debes comenzar a buscar uno as\u00ed sea el m\u00e1s peque\u00f1o.\r\n\r\nLa imagen personal est\u00e1 basada en 3 principales \u00a0puntos;\r\n<ol>\r\n \t<li>Objetivo<\/li>\r\n \t<li>Personalidad<\/li>\r\n \t<li>Estilo de vida<\/li>\r\n<\/ol>\r\n&nbsp;\r\n\r\n&nbsp;\r\n\r\n<span style=\"color: #000080;\">Lic. Jared Misael Campuzano Carrasco<\/span>\r\n\r\n<span style=\"color: #000080;\">Maestro de la Instituci\u00f3n\u00a0<\/span>\r\n\r\n&nbsp;\r\n\r\n&nbsp;\r\n\r\n&nbsp;","_et_gb_content_width":"","footnotes":""},"categories":[1],"tags":[9,5],"_links":{"self":[{"href":"https:\/\/www.leona-vicario.edu.mx\/blog\/wp-json\/wp\/v2\/posts\/236"}],"collection":[{"href":"https:\/\/www.leona-vicario.edu.mx\/blog\/wp-json\/wp\/v2\/posts"}],"about":[{"href":"https:\/\/www.leona-vicario.edu.mx\/blog\/wp-json\/wp\/v2\/types\/post"}],"author":[{"embeddable":true,"href":"https:\/\/www.leona-vicario.edu.mx\/blog\/wp-json\/wp\/v2\/users\/1"}],"replies":[{"embeddable":true,"href":"https:\/\/www.leona-vicario.edu.mx\/blog\/wp-json\/wp\/v2\/comments?post=236"}],"version-history":[{"count":3,"href":"https:\/\/www.leona-vicario.edu.mx\/blog\/wp-json\/wp\/v2\/posts\/236\/revisions"}],"predecessor-version":[{"id":249,"href":"https:\/\/www.leona-vicario.edu.mx\/blog\/wp-json\/wp\/v2\/posts\/236\/revisions\/249"}],"wp:featuredmedia":[{"embeddable":true,"href":"https:\/\/www.leona-vicario.edu.mx\/blog\/wp-json\/wp\/v2\/media\/237"}],"wp:attachment":[{"href":"https:\/\/www.leona-vicario.edu.mx\/blog\/wp-json\/wp\/v2\/media?parent=236"}],"wp:term":[{"taxonomy":"category","embeddable":true,"href":"https:\/\/www.leona-vicario.edu.mx\/blog\/wp-json\/wp\/v2\/categories?post=236"},{"taxonomy":"post_tag","embeddable":true,"href":"https:\/\/www.leona-vicario.edu.mx\/blog\/wp-json\/wp\/v2\/tags?post=236"}],"curies":[{"name":"wp","href":"https:\/\/api.w.org\/{rel}","templated":true}]}}