{"id":113,"date":"2018-09-20T16:51:37","date_gmt":"2018-09-20T21:51:37","guid":{"rendered":"http:\/\/www.leona-vicario.edu.mx\/blog\/?p=113"},"modified":"2019-03-25T12:19:13","modified_gmt":"2019-03-25T18:19:13","slug":"dime-que-subes-a-tus-redes-sociales-y-te-dire-quien-eres","status":"publish","type":"post","link":"https:\/\/www.leona-vicario.edu.mx\/blog\/dime-que-subes-a-tus-redes-sociales-y-te-dire-quien-eres\/","title":{"rendered":"DIME QUE SUBES A TUS REDES SOCIALES, Y TE DIR\u00c9 QUI\u00c9N ERES"},"content":{"rendered":"<p style=\"text-align: center;\"><strong>\u00bfY tu, cu\u00e1ntas veces al d\u00eda revisas o publicas contenido en tus redes sociales?<\/strong><\/p>\n<p>Desde hace algunos a\u00f1os nuestra vida comenz\u00f3 a girar en torno al internet, un medio de comunicaci\u00f3n que nos acerca de extremo a extremo del planeta en tan solo unos segundos. Gracias al internet, el uso de redes sociales ha tomado un papel especial en nuestra vida diaria: <strong>Facebook<\/strong>, <strong>Twitter<\/strong>, <strong>Instagram<\/strong>, <strong>Spotify<\/strong>, <strong>LinkedIn<\/strong> y miles de programas y aplicaciones m\u00e1s que se suman a la lista, pero \u00bfnos hemos puesto a pensar, qu\u00e9 impacto tiene todo lo que compartimos en el manejo de nuestra imagen? \u00bfes la imagen que proyectamos en nuestras redes sociales la que realmente queremos mostrar en la vida real?<!--more--><\/p>\n<p>El contenido que generamos en nuestras redes sociales tiene mucho que decir de nosotros ya que sin querer todo el contenido que compartimos nos beneficia o perjudica al momento de construir nuestra imagen.\u00a0 Algunas recomendaciones para tener una imagen \u201ccool\u201d en nuestras redes sociales de la misma forma que nos esforzamos para tenerla en la vida real son los siguientes:<\/p>\n<ol>\n<li><strong>Fotos de baja calidad<\/strong><\/li>\n<\/ol>\n<p>A veces es f\u00e1cil para nosotros tener una foto de perfil perfectamente editada mientras que las dem\u00e1s fotos son de baja calidad y se ven mal, recordemos que nosotros tambi\u00e9n somos una \u201cmarca\u201d, as\u00ed como la marca Coca Cola, tambi\u00e9n las personas podemos con ayuda de nuestra imagen construir una marca, tal como lo hace Cristiano Ronaldo o Jennifer L\u00f3pez.<\/p>\n<ol start=\"2\">\n<li><strong>Redes sociales personales VS redes sociales de trabajo<\/strong><\/li>\n<\/ol>\n<p>Si no podemos evitar subir <em>memes<\/em> o cualquier contenido que pueda revelar nuestra m\u00e1s \u00edntima personalidad, s\u00ed podemos abrir una cuenta laboral para segmentar a nuestros contactos formales de los personales o sociales, esto nos ayudar\u00e1 mucho a separar la vida profesional de la personal. Actualmente, Facebook, Finkedin o Whatsapp son herramientas muy eficaces que se utilizan tambi\u00e9n para el trabajo y podemos perder una oportunidad laboral importante por mostrarnos infantiles o inmaduros con nuestras publicaciones.<\/p>\n<ol start=\"3\">\n<li><strong>Cuidado con las etiquetas <\/strong><\/li>\n<\/ol>\n<p>Ciertamente no podemos cuidar todo el tiempo lo que suben nuestros amigos o conocidos de nosotros, pero si podemos cuidar la privacidad de las fotos o comentarios en las que nos etiquetan, ojo, \u00a1nadie necesita ver esa foto donde se te pasaron las copas por andar muy feliz aquella noche!; basta con configurar nuestras etiquetas para que solo nuestro c\u00edrculo social de m\u00e1s confianza pueda verlo.<\/p>\n<ol start=\"4\">\n<li><strong>Posts demasiado expresivos<\/strong><\/li>\n<\/ol>\n<p>Sabemos que son muy felices con su nuevo beb\u00e9, que est\u00e1n muy enamorados o muy tristes porque su \u00faltima relaci\u00f3n no funcion\u00f3 como deber\u00eda, pero este tipo de publicaciones constantes pueden llegar a ser negativas si se hacen con mucha frecuencia; tambi\u00e9n hay que cuidar este tipo de posts para que no afecte nuestra imagen virtual y hartemos a nuestros amigos o seguidores.<\/p>\n<ol start=\"5\">\n<li><strong>Lenguaje escrito<\/strong><\/li>\n<\/ol>\n<p>\u00a1Cuidado con la ortograf\u00eda! No hay algo peor que da\u00f1e nuestra imagen virtual que las faltas de ortograf\u00eda, hoy en d\u00eda el auto corrector es de gran ayuda al momento de escribir, nunca est\u00e1 de m\u00e1s revisar comas, puntos y acentos antes de publicar. Si posteamos con faltas de ortograf\u00eda nuestra imagen ser\u00e1 la de una persona que lee poco y que no se sabe expresar.<\/p>\n<p>As\u00ed que la pr\u00f3xima vez que estemos a punto de compartir una foto de baja calidad, o escribir con faltas de ortograf\u00eda por \u201cmoda\u201d pensemos dos veces y recordemos que nuestra red de amigos en un futuro se puede convertir en una red de trabajo importante, no pasemos por alto que nuestra imagen virtual es en pleno 2018, una extensi\u00f3n de nuestra imagen real y puede sumar o restar muchos puntos a nuestra personalidad.<\/p>\n<p>&nbsp;<\/p>\n<p><strong><span style=\"color: #003366;\">Lic. Maricarmen Gutierrez<\/span><\/strong><br \/>\n<strong><span style=\"color: #003366;\">Profesora del\u00a0Instituto Tecnol\u00f3gico Particular Leona Vicario<\/span><\/strong><\/p>\n<p>&nbsp;<\/p>\n","protected":false},"excerpt":{"rendered":"<p>\u00bfY tu, cu\u00e1ntas veces al d\u00eda revisas o publicas contenido en tus redes sociales? Nuestra imagen virtual es actualmente una extensi\u00f3n de nuestra imagen real. \u00bfQu\u00e9 tanto cuidas lo que subes a internet?<\/p>\n","protected":false},"author":2,"featured_media":115,"comment_status":"open","ping_status":"closed","sticky":false,"template":"","format":"standard","meta":{"_et_pb_use_builder":"off","_et_pb_old_content":"<p style=\"text-align: center;\"><strong>\u00bfY tu, cu\u00e1ntas veces al d\u00eda revisas o publicas contenido en tus redes sociales?<\/strong><\/p><p>Desde hace algunos a\u00f1os nuestra vida comenz\u00f3 a girar en torno al internet, un medio de comunicaci\u00f3n que nos acerca de extremo a extremo del planeta en tan solo unos segundos. Gracias al internet, el uso de redes sociales ha tomado un papel especial en nuestra vida diaria: <strong>Facebook<\/strong>, <strong>Twitter<\/strong>, <strong>Instagram<\/strong>, <strong>Spotify<\/strong>, <strong>LinkedIn<\/strong> y miles de programas y aplicaciones m\u00e1s que se suman a la lista, pero \u00bfnos hemos puesto a pensar, qu\u00e9 impacto tiene todo lo que compartimos en el manejo de nuestra imagen? \u00bfes la imagen que proyectamos en nuestras redes sociales la que realmente queremos mostrar en la vida real?<!--more--><\/p><p>El contenido que generamos en nuestras redes sociales tiene mucho que decir de nosotros ya que sin querer todo el contenido que compartimos nos beneficia o perjudica al momento de construir nuestra imagen.\u00a0 Algunas recomendaciones para tener una imagen \u201ccool\u201d en nuestras redes sociales de la misma forma que nos esforzamos para tenerla en la vida real son los siguientes:<\/p><ol><li><strong>Fotos de baja calidad<\/strong><\/li><\/ol><p>A veces es f\u00e1cil para nosotros tener una foto de perfil perfectamente editada mientras que las dem\u00e1s fotos son de baja calidad y se ven mal, recordemos que nosotros tambi\u00e9n somos una \u201cmarca\u201d, as\u00ed como la marca Coca Cola, tambi\u00e9n las personas podemos con ayuda de nuestra imagen construir una marca, tal como lo hace Cristiano Ronaldo o Jennifer L\u00f3pez.<\/p><ol start=\"2\"><li><strong>Redes sociales personales VS redes sociales de trabajo<\/strong><\/li><\/ol><p>Si no podemos evitar subir <em>memes<\/em> o cualquier contenido que pueda revelar nuestra m\u00e1s \u00edntima personalidad, s\u00ed podemos abrir una cuenta laboral para segmentar a nuestros contactos formales de los personales o sociales, esto nos ayudar\u00e1 mucho a separar la vida profesional de la personal. Actualmente, Facebook, Finkedin o Whatsapp son herramientas muy eficaces que se utilizan tambi\u00e9n para el trabajo y podemos perder una oportunidad laboral importante por mostrarnos infantiles o inmaduros con nuestras publicaciones.<\/p><ol start=\"3\"><li><strong>Cuidado con las etiquetas <\/strong><\/li><\/ol><p>Ciertamente no podemos cuidar todo el tiempo lo que suben nuestros amigos o conocidos de nosotros, pero si podemos cuidar la privacidad de las fotos o comentarios en las que nos etiquetan, ojo, \u00a1nadie necesita ver esa foto donde se te pasaron las copas por andar muy feliz aquella noche!; basta con configurar nuestras etiquetas para que solo nuestro c\u00edrculo social de m\u00e1s confianza pueda verlo.<\/p><ol start=\"4\"><li><strong>Posts demasiado expresivos<\/strong><\/li><\/ol><p>Sabemos que son muy felices con su nuevo beb\u00e9, que est\u00e1n muy enamorados o muy tristes porque su \u00faltima relaci\u00f3n no funcion\u00f3 como deber\u00eda, pero este tipo de publicaciones constantes pueden llegar a ser negativas si se hacen con mucha frecuencia; tambi\u00e9n hay que cuidar este tipo de posts para que no afecte nuestra imagen virtual y hartemos a nuestros amigos o seguidores.<\/p><ol start=\"5\"><li><strong>Lenguaje escrito<\/strong><\/li><\/ol><p>\u00a1Cuidado con la ortograf\u00eda! No hay algo peor que da\u00f1e nuestra imagen virtual que las faltas de ortograf\u00eda, hoy en d\u00eda el auto corrector es de gran ayuda al momento de escribir, nunca est\u00e1 de m\u00e1s revisar comas, puntos y acentos antes de publicar. Si posteamos con faltas de ortograf\u00eda nuestra imagen ser\u00e1 la de una persona que lee poco y que no se sabe expresar.<\/p><p>As\u00ed que la pr\u00f3xima vez que estemos a punto de compartir una foto de baja calidad, o escribir con faltas de ortograf\u00eda por \u201cmoda\u201d pensemos dos veces y recordemos que nuestra red de amigos en un futuro se puede convertir en una red de trabajo importante, no pasemos por alto que nuestra imagen virtual es en pleno 2018, una extensi\u00f3n de nuestra imagen real y puede sumar o restar muchos puntos a nuestra personalidad.<\/p>","_et_gb_content_width":"","footnotes":""},"categories":[1],"tags":[5],"_links":{"self":[{"href":"https:\/\/www.leona-vicario.edu.mx\/blog\/wp-json\/wp\/v2\/posts\/113"}],"collection":[{"href":"https:\/\/www.leona-vicario.edu.mx\/blog\/wp-json\/wp\/v2\/posts"}],"about":[{"href":"https:\/\/www.leona-vicario.edu.mx\/blog\/wp-json\/wp\/v2\/types\/post"}],"author":[{"embeddable":true,"href":"https:\/\/www.leona-vicario.edu.mx\/blog\/wp-json\/wp\/v2\/users\/2"}],"replies":[{"embeddable":true,"href":"https:\/\/www.leona-vicario.edu.mx\/blog\/wp-json\/wp\/v2\/comments?post=113"}],"version-history":[{"count":18,"href":"https:\/\/www.leona-vicario.edu.mx\/blog\/wp-json\/wp\/v2\/posts\/113\/revisions"}],"predecessor-version":[{"id":185,"href":"https:\/\/www.leona-vicario.edu.mx\/blog\/wp-json\/wp\/v2\/posts\/113\/revisions\/185"}],"wp:featuredmedia":[{"embeddable":true,"href":"https:\/\/www.leona-vicario.edu.mx\/blog\/wp-json\/wp\/v2\/media\/115"}],"wp:attachment":[{"href":"https:\/\/www.leona-vicario.edu.mx\/blog\/wp-json\/wp\/v2\/media?parent=113"}],"wp:term":[{"taxonomy":"category","embeddable":true,"href":"https:\/\/www.leona-vicario.edu.mx\/blog\/wp-json\/wp\/v2\/categories?post=113"},{"taxonomy":"post_tag","embeddable":true,"href":"https:\/\/www.leona-vicario.edu.mx\/blog\/wp-json\/wp\/v2\/tags?post=113"}],"curies":[{"name":"wp","href":"https:\/\/api.w.org\/{rel}","templated":true}]}}